{"id":3138,"date":"2026-04-27T11:00:20","date_gmt":"2026-04-27T16:00:20","guid":{"rendered":"https:\/\/corporaciondigital360.com\/?p=3138"},"modified":"2026-04-27T11:00:20","modified_gmt":"2026-04-27T16:00:20","slug":"tres-ataques-armados-en-daule-y-guayaquil-dejan-al-menos-cinco-muertos-y-cuatro-heridos","status":"publish","type":"post","link":"https:\/\/corporaciondigital360.com\/?p=3138","title":{"rendered":"Tres ataques armados en Daule y Guayaquil dejan al menos cinco muertos y cuatro heridos"},"content":{"rendered":"<p>Al menos cinco personas fueron asesinadas y otras cuatro resultaron heridas en tres ataques armados registrados este fin de semana en los cantones Daule y Guayaquil, en la provincia del Guayas.<\/p>\n<p>Uno de los hechos m\u00e1s violentos ocurri\u00f3 en la parroquia La Aurora, en Daule, donde una balacera registrada pasadas las 23:00 del s\u00e1bado dej\u00f3 tres personas muertas y una herida.<\/p>\n<p>El ataque se produjo en la intersecci\u00f3n de las avenidas 18 de Agosto y Enrique Gil. Moradores del sector alertaron a la Polic\u00eda tras escuchar m\u00faltiples detonaciones.<\/p>\n<p>Los agentes que acudieron al lugar confirmaron que las v\u00edctimas, de entre 20 y 24 a\u00f1os, fueron trasladadas a distintas casas de salud. Hasta el momento, no se reportan personas detenidas por este caso.<\/p>\n<h2 class=\"wp-block-heading\"><strong>Ataque en el sur de Guayaquil deja un muerto y tres heridos<\/strong><\/h2>\n<p>Horas antes, alrededor de las 20:30, se registr\u00f3 otro ataque armado en la cooperativa Primero de Mayo, en el sur de Guayaquil.<\/p>\n<p>En este hecho, un hombre de 32 a\u00f1os muri\u00f3 y tres personas resultaron heridas, entre ellas un menor de 15 a\u00f1os, cuyo estado es de pron\u00f3stico reservado.<\/p>\n<p>Seg\u00fan informaci\u00f3n preliminar, sujetos armados que se movilizaban en una tricimoto dispararon contra un grupo de personas que jugaban naipes en los exteriores de una vivienda. Las v\u00edctimas fueron trasladadas a diferentes centros de salud.<\/p>\n<h2 class=\"wp-block-heading\"><strong>Asesinato en el noroeste de Guayaquil<\/strong><\/h2>\n<p>La violencia continu\u00f3 la ma\u00f1ana del domingo, 26 de abril, en el sector Basti\u00f3n Sur, en el noroeste de Guayaquil.<\/p>\n<p>Un hombre fue asesinado por sujetos que se movilizaban en motocicleta. El cuerpo qued\u00f3 tendido al pie de una vivienda y posteriormente fue cubierto con una s\u00e1bana.<\/p>\n<p>Las autoridades iniciaron las investigaciones para determinar las causas de estos hechos y dar con los responsables.<\/p>\n<p>Fuente: Primera Plana<\/p>\n","protected":false},"excerpt":{"rendered":"<p>Al menos cinco personas fueron asesinadas y otras cuatro resultaron heridas en tres ataques armados registrados este fin de semana en los cantones Daule y Guayaquil, en la provincia del Guayas. Uno de los hechos m\u00e1s violentos ocurri\u00f3 en la parroquia La Aurora, en Daule, donde una balacera registrada pasadas las 23:00 del s\u00e1bado dej\u00f3 [&hellip;]<\/p>\n","protected":false},"author":1,"featured_media":3139,"comment_status":"open","ping_status":"open","sticky":false,"template":"","format":"standard","meta":{"h5ap_radio_sources":[],"tdm_status":"","tdm_grid_status":"","footnotes":""},"categories":[6],"tags":[],"class_list":["post-3138","post","type-post","status-publish","format-standard","has-post-thumbnail","hentry","category-actualidad"],"yoast_head":"<!-- This site is optimized with the Yoast SEO plugin v27.4 - https:\/\/yoast.com\/product\/yoast-seo-wordpress\/ -->\n<title>Tres ataques armados en Daule y Guayaquil dejan al menos cinco muertos y cuatro heridos - Corporacion 360<\/title>\n<meta name=\"robots\" content=\"index, follow, max-snippet:-1, max-image-preview:large, max-video-preview:-1\" \/>\n<link rel=\"canonical\" href=\"https:\/\/corporaciondigital360.com\/?p=3138\" \/>\n<meta property=\"og:locale\" content=\"es_ES\" \/>\n<meta property=\"og:type\" content=\"article\" \/>\n<meta property=\"og:title\" content=\"Tres ataques armados en Daule y Guayaquil dejan al menos cinco muertos y cuatro heridos - Corporacion 360\" \/>\n<meta property=\"og:description\" content=\"Al menos cinco personas fueron asesinadas y otras cuatro resultaron heridas en tres ataques armados registrados este fin de semana en los cantones Daule y Guayaquil, en la provincia del Guayas. Uno de los hechos m\u00e1s violentos ocurri\u00f3 en la parroquia La Aurora, en Daule, donde una balacera registrada pasadas las 23:00 del s\u00e1bado dej\u00f3 [&hellip;]\" \/>\n<meta property=\"og:url\" content=\"https:\/\/corporaciondigital360.com\/?p=3138\" \/>\n<meta property=\"og:site_name\" content=\"Corporacion 360\" \/>\n<meta property=\"article:publisher\" content=\"https:\/\/www.facebook.com\/radiocorporacionloja\" \/>\n<meta property=\"article:published_time\" content=\"2026-04-27T16:00:20+00:00\" \/>\n<meta property=\"og:image\" content=\"https:\/\/corporaciondigital360.com\/wp-content\/uploads\/2026\/04\/armados.png\" \/>\n\t<meta property=\"og:image:width\" content=\"763\" \/>\n\t<meta property=\"og:image:height\" content=\"410\" \/>\n\t<meta property=\"og:image:type\" content=\"image\/png\" \/>\n<meta name=\"author\" content=\"admin\" \/>\n<meta name=\"twitter:card\" content=\"summary_large_image\" \/>\n<meta name=\"twitter:creator\" content=\"@RadioCorpLoja\" \/>\n<meta name=\"twitter:site\" content=\"@RadioCorpLoja\" \/>\n<meta name=\"twitter:label1\" content=\"Escrito por\" \/>\n\t<meta name=\"twitter:data1\" content=\"admin\" \/>\n\t<meta name=\"twitter:label2\" content=\"Tiempo de lectura\" \/>\n\t<meta name=\"twitter:data2\" content=\"2 minutos\" \/>\n<script type=\"application\/ld+json\" class=\"yoast-schema-graph\">{\"@context\":\"https:\\\/\\\/schema.org\",\"@graph\":[{\"@type\":\"Article\",\"@id\":\"https:\\\/\\\/corporaciondigital360.com\\\/?p=3138#article\",\"isPartOf\":{\"@id\":\"https:\\\/\\\/corporaciondigital360.com\\\/?p=3138\"},\"author\":{\"name\":\"admin\",\"@id\":\"https:\\\/\\\/corporaciondigital360.com\\\/#\\\/schema\\\/person\\\/fc3a774c6e22cc1539b7381c14725e04\"},\"headline\":\"Tres ataques armados en Daule y Guayaquil dejan al menos cinco muertos y cuatro heridos\",\"datePublished\":\"2026-04-27T16:00:20+00:00\",\"mainEntityOfPage\":{\"@id\":\"https:\\\/\\\/corporaciondigital360.com\\\/?p=3138\"},\"wordCount\":314,\"commentCount\":0,\"image\":{\"@id\":\"https:\\\/\\\/corporaciondigital360.com\\\/?p=3138#primaryimage\"},\"thumbnailUrl\":\"https:\\\/\\\/corporaciondigital360.com\\\/wp-content\\\/uploads\\\/2026\\\/04\\\/armados.png\",\"articleSection\":[\"Actualidad\"],\"inLanguage\":\"es\",\"potentialAction\":[{\"@type\":\"CommentAction\",\"name\":\"Comment\",\"target\":[\"https:\\\/\\\/corporaciondigital360.com\\\/?p=3138#respond\"]}]},{\"@type\":\"WebPage\",\"@id\":\"https:\\\/\\\/corporaciondigital360.com\\\/?p=3138\",\"url\":\"https:\\\/\\\/corporaciondigital360.com\\\/?p=3138\",\"name\":\"Tres ataques armados en Daule y Guayaquil dejan al menos cinco muertos y cuatro heridos - Corporacion 360\",\"isPartOf\":{\"@id\":\"https:\\\/\\\/corporaciondigital360.com\\\/#website\"},\"primaryImageOfPage\":{\"@id\":\"https:\\\/\\\/corporaciondigital360.com\\\/?p=3138#primaryimage\"},\"image\":{\"@id\":\"https:\\\/\\\/corporaciondigital360.com\\\/?p=3138#primaryimage\"},\"thumbnailUrl\":\"https:\\\/\\\/corporaciondigital360.com\\\/wp-content\\\/uploads\\\/2026\\\/04\\\/armados.png\",\"datePublished\":\"2026-04-27T16:00:20+00:00\",\"author\":{\"@id\":\"https:\\\/\\\/corporaciondigital360.com\\\/#\\\/schema\\\/person\\\/fc3a774c6e22cc1539b7381c14725e04\"},\"breadcrumb\":{\"@id\":\"https:\\\/\\\/corporaciondigital360.com\\\/?p=3138#breadcrumb\"},\"inLanguage\":\"es\",\"potentialAction\":[{\"@type\":\"ReadAction\",\"target\":[\"https:\\\/\\\/corporaciondigital360.com\\\/?p=3138\"]}]},{\"@type\":\"ImageObject\",\"inLanguage\":\"es\",\"@id\":\"https:\\\/\\\/corporaciondigital360.com\\\/?p=3138#primaryimage\",\"url\":\"https:\\\/\\\/corporaciondigital360.com\\\/wp-content\\\/uploads\\\/2026\\\/04\\\/armados.png\",\"contentUrl\":\"https:\\\/\\\/corporaciondigital360.com\\\/wp-content\\\/uploads\\\/2026\\\/04\\\/armados.png\",\"width\":763,\"height\":410},{\"@type\":\"BreadcrumbList\",\"@id\":\"https:\\\/\\\/corporaciondigital360.com\\\/?p=3138#breadcrumb\",\"itemListElement\":[{\"@type\":\"ListItem\",\"position\":1,\"name\":\"Portada\",\"item\":\"https:\\\/\\\/corporaciondigital360.com\\\/\"},{\"@type\":\"ListItem\",\"position\":2,\"name\":\"Tres ataques armados en Daule y Guayaquil dejan al menos cinco muertos y cuatro heridos\"}]},{\"@type\":\"WebSite\",\"@id\":\"https:\\\/\\\/corporaciondigital360.com\\\/#website\",\"url\":\"https:\\\/\\\/corporaciondigital360.com\\\/\",\"name\":\"Corporacion 360\",\"description\":\"\",\"potentialAction\":[{\"@type\":\"SearchAction\",\"target\":{\"@type\":\"EntryPoint\",\"urlTemplate\":\"https:\\\/\\\/corporaciondigital360.com\\\/?s={search_term_string}\"},\"query-input\":{\"@type\":\"PropertyValueSpecification\",\"valueRequired\":true,\"valueName\":\"search_term_string\"}}],\"inLanguage\":\"es\"},{\"@type\":\"Person\",\"@id\":\"https:\\\/\\\/corporaciondigital360.com\\\/#\\\/schema\\\/person\\\/fc3a774c6e22cc1539b7381c14725e04\",\"name\":\"admin\",\"image\":{\"@type\":\"ImageObject\",\"inLanguage\":\"es\",\"@id\":\"https:\\\/\\\/secure.gravatar.com\\\/avatar\\\/7b210c86be9e9cc333cd5e573ca4d5191145d938ee6eeb89764a327ccd58a4d2?s=96&d=mm&r=g\",\"url\":\"https:\\\/\\\/secure.gravatar.com\\\/avatar\\\/7b210c86be9e9cc333cd5e573ca4d5191145d938ee6eeb89764a327ccd58a4d2?s=96&d=mm&r=g\",\"contentUrl\":\"https:\\\/\\\/secure.gravatar.com\\\/avatar\\\/7b210c86be9e9cc333cd5e573ca4d5191145d938ee6eeb89764a327ccd58a4d2?s=96&d=mm&r=g\",\"caption\":\"admin\"},\"sameAs\":[\"https:\\\/\\\/radiocorporacionloja.com\"],\"url\":\"https:\\\/\\\/corporaciondigital360.com\\\/?author=1\"}]}<\/script>\n<!-- \/ Yoast SEO plugin. -->","yoast_head_json":{"title":"Tres ataques armados en Daule y Guayaquil dejan al menos cinco muertos y cuatro heridos - Corporacion 360","robots":{"index":"index","follow":"follow","max-snippet":"max-snippet:-1","max-image-preview":"max-image-preview:large","max-video-preview":"max-video-preview:-1"},"canonical":"https:\/\/corporaciondigital360.com\/?p=3138","og_locale":"es_ES","og_type":"article","og_title":"Tres ataques armados en Daule y Guayaquil dejan al menos cinco muertos y cuatro heridos - Corporacion 360","og_description":"Al menos cinco personas fueron asesinadas y otras cuatro resultaron heridas en tres ataques armados registrados este fin de semana en los cantones Daule y Guayaquil, en la provincia del Guayas. Uno de los hechos m\u00e1s violentos ocurri\u00f3 en la parroquia La Aurora, en Daule, donde una balacera registrada pasadas las 23:00 del s\u00e1bado dej\u00f3 [&hellip;]","og_url":"https:\/\/corporaciondigital360.com\/?p=3138","og_site_name":"Corporacion 360","article_publisher":"https:\/\/www.facebook.com\/radiocorporacionloja","article_published_time":"2026-04-27T16:00:20+00:00","og_image":[{"width":763,"height":410,"url":"https:\/\/corporaciondigital360.com\/wp-content\/uploads\/2026\/04\/armados.png","type":"image\/png"}],"author":"admin","twitter_card":"summary_large_image","twitter_creator":"@RadioCorpLoja","twitter_site":"@RadioCorpLoja","twitter_misc":{"Escrito por":"admin","Tiempo de lectura":"2 minutos"},"schema":{"@context":"https:\/\/schema.org","@graph":[{"@type":"Article","@id":"https:\/\/corporaciondigital360.com\/?p=3138#article","isPartOf":{"@id":"https:\/\/corporaciondigital360.com\/?p=3138"},"author":{"name":"admin","@id":"https:\/\/corporaciondigital360.com\/#\/schema\/person\/fc3a774c6e22cc1539b7381c14725e04"},"headline":"Tres ataques armados en Daule y Guayaquil dejan al menos cinco muertos y cuatro heridos","datePublished":"2026-04-27T16:00:20+00:00","mainEntityOfPage":{"@id":"https:\/\/corporaciondigital360.com\/?p=3138"},"wordCount":314,"commentCount":0,"image":{"@id":"https:\/\/corporaciondigital360.com\/?p=3138#primaryimage"},"thumbnailUrl":"https:\/\/corporaciondigital360.com\/wp-content\/uploads\/2026\/04\/armados.png","articleSection":["Actualidad"],"inLanguage":"es","potentialAction":[{"@type":"CommentAction","name":"Comment","target":["https:\/\/corporaciondigital360.com\/?p=3138#respond"]}]},{"@type":"WebPage","@id":"https:\/\/corporaciondigital360.com\/?p=3138","url":"https:\/\/corporaciondigital360.com\/?p=3138","name":"Tres ataques armados en Daule y Guayaquil dejan al menos cinco muertos y cuatro heridos - Corporacion 360","isPartOf":{"@id":"https:\/\/corporaciondigital360.com\/#website"},"primaryImageOfPage":{"@id":"https:\/\/corporaciondigital360.com\/?p=3138#primaryimage"},"image":{"@id":"https:\/\/corporaciondigital360.com\/?p=3138#primaryimage"},"thumbnailUrl":"https:\/\/corporaciondigital360.com\/wp-content\/uploads\/2026\/04\/armados.png","datePublished":"2026-04-27T16:00:20+00:00","author":{"@id":"https:\/\/corporaciondigital360.com\/#\/schema\/person\/fc3a774c6e22cc1539b7381c14725e04"},"breadcrumb":{"@id":"https:\/\/corporaciondigital360.com\/?p=3138#breadcrumb"},"inLanguage":"es","potentialAction":[{"@type":"ReadAction","target":["https:\/\/corporaciondigital360.com\/?p=3138"]}]},{"@type":"ImageObject","inLanguage":"es","@id":"https:\/\/corporaciondigital360.com\/?p=3138#primaryimage","url":"https:\/\/corporaciondigital360.com\/wp-content\/uploads\/2026\/04\/armados.png","contentUrl":"https:\/\/corporaciondigital360.com\/wp-content\/uploads\/2026\/04\/armados.png","width":763,"height":410},{"@type":"BreadcrumbList","@id":"https:\/\/corporaciondigital360.com\/?p=3138#breadcrumb","itemListElement":[{"@type":"ListItem","position":1,"name":"Portada","item":"https:\/\/corporaciondigital360.com\/"},{"@type":"ListItem","position":2,"name":"Tres ataques armados en Daule y Guayaquil dejan al menos cinco muertos y cuatro heridos"}]},{"@type":"WebSite","@id":"https:\/\/corporaciondigital360.com\/#website","url":"https:\/\/corporaciondigital360.com\/","name":"Corporacion 360","description":"","potentialAction":[{"@type":"SearchAction","target":{"@type":"EntryPoint","urlTemplate":"https:\/\/corporaciondigital360.com\/?s={search_term_string}"},"query-input":{"@type":"PropertyValueSpecification","valueRequired":true,"valueName":"search_term_string"}}],"inLanguage":"es"},{"@type":"Person","@id":"https:\/\/corporaciondigital360.com\/#\/schema\/person\/fc3a774c6e22cc1539b7381c14725e04","name":"admin","image":{"@type":"ImageObject","inLanguage":"es","@id":"https:\/\/secure.gravatar.com\/avatar\/7b210c86be9e9cc333cd5e573ca4d5191145d938ee6eeb89764a327ccd58a4d2?s=96&d=mm&r=g","url":"https:\/\/secure.gravatar.com\/avatar\/7b210c86be9e9cc333cd5e573ca4d5191145d938ee6eeb89764a327ccd58a4d2?s=96&d=mm&r=g","contentUrl":"https:\/\/secure.gravatar.com\/avatar\/7b210c86be9e9cc333cd5e573ca4d5191145d938ee6eeb89764a327ccd58a4d2?s=96&d=mm&r=g","caption":"admin"},"sameAs":["https:\/\/radiocorporacionloja.com"],"url":"https:\/\/corporaciondigital360.com\/?author=1"}]}},"amp_enabled":true,"_links":{"self":[{"href":"https:\/\/corporaciondigital360.com\/index.php?rest_route=\/wp\/v2\/posts\/3138","targetHints":{"allow":["GET"]}}],"collection":[{"href":"https:\/\/corporaciondigital360.com\/index.php?rest_route=\/wp\/v2\/posts"}],"about":[{"href":"https:\/\/corporaciondigital360.com\/index.php?rest_route=\/wp\/v2\/types\/post"}],"author":[{"embeddable":true,"href":"https:\/\/corporaciondigital360.com\/index.php?rest_route=\/wp\/v2\/users\/1"}],"replies":[{"embeddable":true,"href":"https:\/\/corporaciondigital360.com\/index.php?rest_route=%2Fwp%2Fv2%2Fcomments&post=3138"}],"version-history":[{"count":1,"href":"https:\/\/corporaciondigital360.com\/index.php?rest_route=\/wp\/v2\/posts\/3138\/revisions"}],"predecessor-version":[{"id":3140,"href":"https:\/\/corporaciondigital360.com\/index.php?rest_route=\/wp\/v2\/posts\/3138\/revisions\/3140"}],"wp:featuredmedia":[{"embeddable":true,"href":"https:\/\/corporaciondigital360.com\/index.php?rest_route=\/wp\/v2\/media\/3139"}],"wp:attachment":[{"href":"https:\/\/corporaciondigital360.com\/index.php?rest_route=%2Fwp%2Fv2%2Fmedia&parent=3138"}],"wp:term":[{"taxonomy":"category","embeddable":true,"href":"https:\/\/corporaciondigital360.com\/index.php?rest_route=%2Fwp%2Fv2%2Fcategories&post=3138"},{"taxonomy":"post_tag","embeddable":true,"href":"https:\/\/corporaciondigital360.com\/index.php?rest_route=%2Fwp%2Fv2%2Ftags&post=3138"}],"curies":[{"name":"wp","href":"https:\/\/api.w.org\/{rel}","templated":true}]}}