{"id":3145,"date":"2026-04-28T18:33:17","date_gmt":"2026-04-28T23:33:17","guid":{"rendered":"https:\/\/corporaciondigital360.com\/?p=3145"},"modified":"2026-04-28T18:33:17","modified_gmt":"2026-04-28T23:33:17","slug":"feria-de-loja-abre-postulaciones-para-expositores-2026","status":"publish","type":"post","link":"https:\/\/corporaciondigital360.com\/?p=3145","title":{"rendered":"Feria de Loja abre postulaciones para expositores 2026"},"content":{"rendered":"<p><em><strong>La Corporaci\u00f3n de Ferias de Loja habilita 700 espacios para comerciantes nacionales e internacionales.<\/strong><\/em><\/p>\n<p data-start=\"354\" data-end=\"604\">La <span class=\"hover:entity-accent entity-underline inline cursor-pointer align-baseline\"><span class=\"whitespace-normal\">Corporaci\u00f3n de Ferias de Loja<\/span><\/span> anunci\u00f3 la apertura oficial de postulaciones para expositores que deseen participar en la edici\u00f3n 197 de la Feria de Loja, programada del 27 de agosto al 13 de septiembre de 2026.<\/p>\n<p data-start=\"606\" data-end=\"866\">El proceso estar\u00e1 disponible desde el viernes 1 hasta el domingo 17 de mayo, periodo en el cual comerciantes nacionales e internacionales podr\u00e1n aplicar para ocupar espacios en las \u00e1reas comerciales y en el Patio de Sabores del Complejo Ferial Sim\u00f3n Bol\u00edvar.<\/p>\n<p data-start=\"868\" data-end=\"1224\">Para esta edici\u00f3n se han habilitado aproximadamente 700 espacios destinados a la exposici\u00f3n de productos, servicios y gastronom\u00eda. En el \u00e1rea comercial se ofrecer\u00e1n art\u00edculos como artesan\u00edas, textiles, tecnolog\u00eda, calzado y productos para el hogar, mientras que el Patio de Sabores incluir\u00e1 propuestas gastron\u00f3micas locales, nacionales e internacionales.<\/p>\n<p data-start=\"1226\" data-end=\"1627\">Los interesados deber\u00e1n presentar documentaci\u00f3n completa y legible. En el caso de ecuatorianos, se requiere copia de c\u00e9dula y RUC, mientras que los extranjeros deber\u00e1n presentar DNI o pasaporte. Adem\u00e1s, todos los postulantes deben completar el formulario disponible en el sitio web oficial. Para el \u00e1rea gastron\u00f3mica, se exige adicionalmente un certificado m\u00e9dico emitido por el Ministerio de Salud.<\/p>\n<p data-start=\"1629\" data-end=\"1897\">Las postulaciones pueden realizarse de forma presencial en las oficinas de la CFL o mediante env\u00edo digital al correo habilitado, en un \u00fanico archivo PDF. La organizaci\u00f3n enfatiza que la documentaci\u00f3n debe presentarse una sola vez, ya sea en formato f\u00edsico o virtual.<\/p>\n","protected":false},"excerpt":{"rendered":"<p>La Corporaci\u00f3n de Ferias de Loja habilita 700 espacios para comerciantes nacionales e internacionales. La Corporaci\u00f3n de Ferias de Loja anunci\u00f3 la apertura oficial de postulaciones para expositores que deseen participar en la edici\u00f3n 197 de la Feria de Loja, programada del 27 de agosto al 13 de septiembre de 2026. El proceso estar\u00e1 disponible [&hellip;]<\/p>\n","protected":false},"author":1,"featured_media":3146,"comment_status":"open","ping_status":"open","sticky":false,"template":"","format":"standard","meta":{"h5ap_radio_sources":[],"tdm_status":"","tdm_grid_status":"","footnotes":""},"categories":[6],"tags":[889,887,890,22,891,888,886,136],"class_list":["post-3145","post","type-post","status-publish","format-standard","has-post-thumbnail","hentry","category-actualidad","tag-convocatoria","tag-corporacion-de-ferias-de-loja","tag-economia-local","tag-ecuador","tag-eventos-comerciales","tag-expositores","tag-feria-de-loja-2026","tag-loja"],"yoast_head":"<!-- This site is optimized with the Yoast SEO plugin v27.4 - https:\/\/yoast.com\/product\/yoast-seo-wordpress\/ -->\n<title>Feria de Loja abre postulaciones para expositores 2026 - Corporacion 360<\/title>\n<meta name=\"robots\" content=\"index, follow, max-snippet:-1, max-image-preview:large, max-video-preview:-1\" \/>\n<link rel=\"canonical\" href=\"https:\/\/corporaciondigital360.com\/?p=3145\" \/>\n<meta property=\"og:locale\" content=\"es_ES\" \/>\n<meta property=\"og:type\" content=\"article\" \/>\n<meta property=\"og:title\" content=\"Feria de Loja abre postulaciones para expositores 2026 - Corporacion 360\" \/>\n<meta property=\"og:description\" content=\"La Corporaci\u00f3n de Ferias de Loja habilita 700 espacios para comerciantes nacionales e internacionales. La Corporaci\u00f3n de Ferias de Loja anunci\u00f3 la apertura oficial de postulaciones para expositores que deseen participar en la edici\u00f3n 197 de la Feria de Loja, programada del 27 de agosto al 13 de septiembre de 2026. El proceso estar\u00e1 disponible [&hellip;]\" \/>\n<meta property=\"og:url\" content=\"https:\/\/corporaciondigital360.com\/?p=3145\" \/>\n<meta property=\"og:site_name\" content=\"Corporacion 360\" \/>\n<meta property=\"article:publisher\" content=\"https:\/\/www.facebook.com\/radiocorporacionloja\" \/>\n<meta property=\"article:published_time\" content=\"2026-04-28T23:33:17+00:00\" \/>\n<meta property=\"og:image\" content=\"https:\/\/corporaciondigital360.com\/wp-content\/uploads\/2026\/04\/FERIA-DE-LOJA-6A.jpg\" \/>\n\t<meta property=\"og:image:width\" content=\"1200\" \/>\n\t<meta property=\"og:image:height\" content=\"675\" \/>\n\t<meta property=\"og:image:type\" content=\"image\/jpeg\" \/>\n<meta name=\"author\" content=\"admin\" \/>\n<meta name=\"twitter:card\" content=\"summary_large_image\" \/>\n<meta name=\"twitter:creator\" content=\"@RadioCorpLoja\" \/>\n<meta name=\"twitter:site\" content=\"@RadioCorpLoja\" \/>\n<meta name=\"twitter:label1\" content=\"Escrito por\" \/>\n\t<meta name=\"twitter:data1\" content=\"admin\" \/>\n\t<meta name=\"twitter:label2\" content=\"Tiempo de lectura\" \/>\n\t<meta name=\"twitter:data2\" content=\"2 minutos\" \/>\n<script type=\"application\/ld+json\" class=\"yoast-schema-graph\">{\"@context\":\"https:\\\/\\\/schema.org\",\"@graph\":[{\"@type\":\"Article\",\"@id\":\"https:\\\/\\\/corporaciondigital360.com\\\/?p=3145#article\",\"isPartOf\":{\"@id\":\"https:\\\/\\\/corporaciondigital360.com\\\/?p=3145\"},\"author\":{\"name\":\"admin\",\"@id\":\"https:\\\/\\\/corporaciondigital360.com\\\/#\\\/schema\\\/person\\\/fc3a774c6e22cc1539b7381c14725e04\"},\"headline\":\"Feria de Loja abre postulaciones para expositores 2026\",\"datePublished\":\"2026-04-28T23:33:17+00:00\",\"mainEntityOfPage\":{\"@id\":\"https:\\\/\\\/corporaciondigital360.com\\\/?p=3145\"},\"wordCount\":267,\"commentCount\":0,\"image\":{\"@id\":\"https:\\\/\\\/corporaciondigital360.com\\\/?p=3145#primaryimage\"},\"thumbnailUrl\":\"https:\\\/\\\/corporaciondigital360.com\\\/wp-content\\\/uploads\\\/2026\\\/04\\\/FERIA-DE-LOJA-6A.jpg\",\"keywords\":[\"convocatoria\",\"Corporaci\u00f3n de Ferias de Loja\",\"econom\u00eda local\",\"Ecuador\",\"eventos comerciales\",\"expositores\",\"Feria de Loja 2026\",\"Loja\"],\"articleSection\":[\"Actualidad\"],\"inLanguage\":\"es\",\"potentialAction\":[{\"@type\":\"CommentAction\",\"name\":\"Comment\",\"target\":[\"https:\\\/\\\/corporaciondigital360.com\\\/?p=3145#respond\"]}]},{\"@type\":\"WebPage\",\"@id\":\"https:\\\/\\\/corporaciondigital360.com\\\/?p=3145\",\"url\":\"https:\\\/\\\/corporaciondigital360.com\\\/?p=3145\",\"name\":\"Feria de Loja abre postulaciones para expositores 2026 - Corporacion 360\",\"isPartOf\":{\"@id\":\"https:\\\/\\\/corporaciondigital360.com\\\/#website\"},\"primaryImageOfPage\":{\"@id\":\"https:\\\/\\\/corporaciondigital360.com\\\/?p=3145#primaryimage\"},\"image\":{\"@id\":\"https:\\\/\\\/corporaciondigital360.com\\\/?p=3145#primaryimage\"},\"thumbnailUrl\":\"https:\\\/\\\/corporaciondigital360.com\\\/wp-content\\\/uploads\\\/2026\\\/04\\\/FERIA-DE-LOJA-6A.jpg\",\"datePublished\":\"2026-04-28T23:33:17+00:00\",\"author\":{\"@id\":\"https:\\\/\\\/corporaciondigital360.com\\\/#\\\/schema\\\/person\\\/fc3a774c6e22cc1539b7381c14725e04\"},\"breadcrumb\":{\"@id\":\"https:\\\/\\\/corporaciondigital360.com\\\/?p=3145#breadcrumb\"},\"inLanguage\":\"es\",\"potentialAction\":[{\"@type\":\"ReadAction\",\"target\":[\"https:\\\/\\\/corporaciondigital360.com\\\/?p=3145\"]}]},{\"@type\":\"ImageObject\",\"inLanguage\":\"es\",\"@id\":\"https:\\\/\\\/corporaciondigital360.com\\\/?p=3145#primaryimage\",\"url\":\"https:\\\/\\\/corporaciondigital360.com\\\/wp-content\\\/uploads\\\/2026\\\/04\\\/FERIA-DE-LOJA-6A.jpg\",\"contentUrl\":\"https:\\\/\\\/corporaciondigital360.com\\\/wp-content\\\/uploads\\\/2026\\\/04\\\/FERIA-DE-LOJA-6A.jpg\",\"width\":1200,\"height\":675,\"caption\":\"Feria de Loja\"},{\"@type\":\"BreadcrumbList\",\"@id\":\"https:\\\/\\\/corporaciondigital360.com\\\/?p=3145#breadcrumb\",\"itemListElement\":[{\"@type\":\"ListItem\",\"position\":1,\"name\":\"Portada\",\"item\":\"https:\\\/\\\/corporaciondigital360.com\\\/\"},{\"@type\":\"ListItem\",\"position\":2,\"name\":\"Feria de Loja abre postulaciones para expositores 2026\"}]},{\"@type\":\"WebSite\",\"@id\":\"https:\\\/\\\/corporaciondigital360.com\\\/#website\",\"url\":\"https:\\\/\\\/corporaciondigital360.com\\\/\",\"name\":\"Corporacion 360\",\"description\":\"\",\"potentialAction\":[{\"@type\":\"SearchAction\",\"target\":{\"@type\":\"EntryPoint\",\"urlTemplate\":\"https:\\\/\\\/corporaciondigital360.com\\\/?s={search_term_string}\"},\"query-input\":{\"@type\":\"PropertyValueSpecification\",\"valueRequired\":true,\"valueName\":\"search_term_string\"}}],\"inLanguage\":\"es\"},{\"@type\":\"Person\",\"@id\":\"https:\\\/\\\/corporaciondigital360.com\\\/#\\\/schema\\\/person\\\/fc3a774c6e22cc1539b7381c14725e04\",\"name\":\"admin\",\"image\":{\"@type\":\"ImageObject\",\"inLanguage\":\"es\",\"@id\":\"https:\\\/\\\/secure.gravatar.com\\\/avatar\\\/7b210c86be9e9cc333cd5e573ca4d5191145d938ee6eeb89764a327ccd58a4d2?s=96&d=mm&r=g\",\"url\":\"https:\\\/\\\/secure.gravatar.com\\\/avatar\\\/7b210c86be9e9cc333cd5e573ca4d5191145d938ee6eeb89764a327ccd58a4d2?s=96&d=mm&r=g\",\"contentUrl\":\"https:\\\/\\\/secure.gravatar.com\\\/avatar\\\/7b210c86be9e9cc333cd5e573ca4d5191145d938ee6eeb89764a327ccd58a4d2?s=96&d=mm&r=g\",\"caption\":\"admin\"},\"sameAs\":[\"https:\\\/\\\/radiocorporacionloja.com\"],\"url\":\"https:\\\/\\\/corporaciondigital360.com\\\/?author=1\"}]}<\/script>\n<!-- \/ Yoast SEO plugin. -->","yoast_head_json":{"title":"Feria de Loja abre postulaciones para expositores 2026 - Corporacion 360","robots":{"index":"index","follow":"follow","max-snippet":"max-snippet:-1","max-image-preview":"max-image-preview:large","max-video-preview":"max-video-preview:-1"},"canonical":"https:\/\/corporaciondigital360.com\/?p=3145","og_locale":"es_ES","og_type":"article","og_title":"Feria de Loja abre postulaciones para expositores 2026 - Corporacion 360","og_description":"La Corporaci\u00f3n de Ferias de Loja habilita 700 espacios para comerciantes nacionales e internacionales. La Corporaci\u00f3n de Ferias de Loja anunci\u00f3 la apertura oficial de postulaciones para expositores que deseen participar en la edici\u00f3n 197 de la Feria de Loja, programada del 27 de agosto al 13 de septiembre de 2026. El proceso estar\u00e1 disponible [&hellip;]","og_url":"https:\/\/corporaciondigital360.com\/?p=3145","og_site_name":"Corporacion 360","article_publisher":"https:\/\/www.facebook.com\/radiocorporacionloja","article_published_time":"2026-04-28T23:33:17+00:00","og_image":[{"width":1200,"height":675,"url":"https:\/\/corporaciondigital360.com\/wp-content\/uploads\/2026\/04\/FERIA-DE-LOJA-6A.jpg","type":"image\/jpeg"}],"author":"admin","twitter_card":"summary_large_image","twitter_creator":"@RadioCorpLoja","twitter_site":"@RadioCorpLoja","twitter_misc":{"Escrito por":"admin","Tiempo de lectura":"2 minutos"},"schema":{"@context":"https:\/\/schema.org","@graph":[{"@type":"Article","@id":"https:\/\/corporaciondigital360.com\/?p=3145#article","isPartOf":{"@id":"https:\/\/corporaciondigital360.com\/?p=3145"},"author":{"name":"admin","@id":"https:\/\/corporaciondigital360.com\/#\/schema\/person\/fc3a774c6e22cc1539b7381c14725e04"},"headline":"Feria de Loja abre postulaciones para expositores 2026","datePublished":"2026-04-28T23:33:17+00:00","mainEntityOfPage":{"@id":"https:\/\/corporaciondigital360.com\/?p=3145"},"wordCount":267,"commentCount":0,"image":{"@id":"https:\/\/corporaciondigital360.com\/?p=3145#primaryimage"},"thumbnailUrl":"https:\/\/corporaciondigital360.com\/wp-content\/uploads\/2026\/04\/FERIA-DE-LOJA-6A.jpg","keywords":["convocatoria","Corporaci\u00f3n de Ferias de Loja","econom\u00eda local","Ecuador","eventos comerciales","expositores","Feria de Loja 2026","Loja"],"articleSection":["Actualidad"],"inLanguage":"es","potentialAction":[{"@type":"CommentAction","name":"Comment","target":["https:\/\/corporaciondigital360.com\/?p=3145#respond"]}]},{"@type":"WebPage","@id":"https:\/\/corporaciondigital360.com\/?p=3145","url":"https:\/\/corporaciondigital360.com\/?p=3145","name":"Feria de Loja abre postulaciones para expositores 2026 - Corporacion 360","isPartOf":{"@id":"https:\/\/corporaciondigital360.com\/#website"},"primaryImageOfPage":{"@id":"https:\/\/corporaciondigital360.com\/?p=3145#primaryimage"},"image":{"@id":"https:\/\/corporaciondigital360.com\/?p=3145#primaryimage"},"thumbnailUrl":"https:\/\/corporaciondigital360.com\/wp-content\/uploads\/2026\/04\/FERIA-DE-LOJA-6A.jpg","datePublished":"2026-04-28T23:33:17+00:00","author":{"@id":"https:\/\/corporaciondigital360.com\/#\/schema\/person\/fc3a774c6e22cc1539b7381c14725e04"},"breadcrumb":{"@id":"https:\/\/corporaciondigital360.com\/?p=3145#breadcrumb"},"inLanguage":"es","potentialAction":[{"@type":"ReadAction","target":["https:\/\/corporaciondigital360.com\/?p=3145"]}]},{"@type":"ImageObject","inLanguage":"es","@id":"https:\/\/corporaciondigital360.com\/?p=3145#primaryimage","url":"https:\/\/corporaciondigital360.com\/wp-content\/uploads\/2026\/04\/FERIA-DE-LOJA-6A.jpg","contentUrl":"https:\/\/corporaciondigital360.com\/wp-content\/uploads\/2026\/04\/FERIA-DE-LOJA-6A.jpg","width":1200,"height":675,"caption":"Feria de Loja"},{"@type":"BreadcrumbList","@id":"https:\/\/corporaciondigital360.com\/?p=3145#breadcrumb","itemListElement":[{"@type":"ListItem","position":1,"name":"Portada","item":"https:\/\/corporaciondigital360.com\/"},{"@type":"ListItem","position":2,"name":"Feria de Loja abre postulaciones para expositores 2026"}]},{"@type":"WebSite","@id":"https:\/\/corporaciondigital360.com\/#website","url":"https:\/\/corporaciondigital360.com\/","name":"Corporacion 360","description":"","potentialAction":[{"@type":"SearchAction","target":{"@type":"EntryPoint","urlTemplate":"https:\/\/corporaciondigital360.com\/?s={search_term_string}"},"query-input":{"@type":"PropertyValueSpecification","valueRequired":true,"valueName":"search_term_string"}}],"inLanguage":"es"},{"@type":"Person","@id":"https:\/\/corporaciondigital360.com\/#\/schema\/person\/fc3a774c6e22cc1539b7381c14725e04","name":"admin","image":{"@type":"ImageObject","inLanguage":"es","@id":"https:\/\/secure.gravatar.com\/avatar\/7b210c86be9e9cc333cd5e573ca4d5191145d938ee6eeb89764a327ccd58a4d2?s=96&d=mm&r=g","url":"https:\/\/secure.gravatar.com\/avatar\/7b210c86be9e9cc333cd5e573ca4d5191145d938ee6eeb89764a327ccd58a4d2?s=96&d=mm&r=g","contentUrl":"https:\/\/secure.gravatar.com\/avatar\/7b210c86be9e9cc333cd5e573ca4d5191145d938ee6eeb89764a327ccd58a4d2?s=96&d=mm&r=g","caption":"admin"},"sameAs":["https:\/\/radiocorporacionloja.com"],"url":"https:\/\/corporaciondigital360.com\/?author=1"}]}},"amp_enabled":true,"_links":{"self":[{"href":"https:\/\/corporaciondigital360.com\/index.php?rest_route=\/wp\/v2\/posts\/3145","targetHints":{"allow":["GET"]}}],"collection":[{"href":"https:\/\/corporaciondigital360.com\/index.php?rest_route=\/wp\/v2\/posts"}],"about":[{"href":"https:\/\/corporaciondigital360.com\/index.php?rest_route=\/wp\/v2\/types\/post"}],"author":[{"embeddable":true,"href":"https:\/\/corporaciondigital360.com\/index.php?rest_route=\/wp\/v2\/users\/1"}],"replies":[{"embeddable":true,"href":"https:\/\/corporaciondigital360.com\/index.php?rest_route=%2Fwp%2Fv2%2Fcomments&post=3145"}],"version-history":[{"count":1,"href":"https:\/\/corporaciondigital360.com\/index.php?rest_route=\/wp\/v2\/posts\/3145\/revisions"}],"predecessor-version":[{"id":3147,"href":"https:\/\/corporaciondigital360.com\/index.php?rest_route=\/wp\/v2\/posts\/3145\/revisions\/3147"}],"wp:featuredmedia":[{"embeddable":true,"href":"https:\/\/corporaciondigital360.com\/index.php?rest_route=\/wp\/v2\/media\/3146"}],"wp:attachment":[{"href":"https:\/\/corporaciondigital360.com\/index.php?rest_route=%2Fwp%2Fv2%2Fmedia&parent=3145"}],"wp:term":[{"taxonomy":"category","embeddable":true,"href":"https:\/\/corporaciondigital360.com\/index.php?rest_route=%2Fwp%2Fv2%2Fcategories&post=3145"},{"taxonomy":"post_tag","embeddable":true,"href":"https:\/\/corporaciondigital360.com\/index.php?rest_route=%2Fwp%2Fv2%2Ftags&post=3145"}],"curies":[{"name":"wp","href":"https:\/\/api.w.org\/{rel}","templated":true}]}}