{"id":3148,"date":"2026-04-29T09:25:42","date_gmt":"2026-04-29T14:25:42","guid":{"rendered":"https:\/\/corporaciondigital360.com\/?p=3148"},"modified":"2026-04-29T09:25:42","modified_gmt":"2026-04-29T14:25:42","slug":"funcionario-detenido-por-trafico-de-armas-durante-operativos-en-guayas-y-manabi","status":"publish","type":"post","link":"https:\/\/corporaciondigital360.com\/?p=3148","title":{"rendered":"Funcionario detenido por tr\u00e1fico de armas durante operativos en Guayas y Manab\u00ed"},"content":{"rendered":"<p>Un funcionario municipal fue detenido en la provincia de Manab\u00ed durante un operativo policial contra el tr\u00e1fico de armas, mientras que en Guayas otras 20 personas fueron aprehendidas en intervenciones simult\u00e1neas que tambi\u00e9n permitieron el decomiso de armamento, municiones y drogas.<\/p>\n<p>Las acciones se ejecutaron este mi\u00e9rcoles, 29 de abril, en el marco del estado de excepci\u00f3n vigente, como parte de estrategias para debilitar estructuras delictivas vinculadas al crimen organizado.<\/p>\n<h2 class=\"wp-block-heading\"><strong>Detenci\u00f3n en Manab\u00ed<\/strong><\/h2>\n<p>En el sector Paquisha, parroquia R\u00edo Chico, cant\u00f3n Portoviejo, la Polic\u00eda aprehendi\u00f3 a Roger Shamir B. V., funcionario del Municipio de Rocafuerte, durante el operativo denominado \u201cATLAS-042-SZI-M-P\u201d.<\/p>\n<p>De acuerdo con informaci\u00f3n oficial, el detenido estar\u00eda vinculado a una red dedicada a la gesti\u00f3n y comercializaci\u00f3n ilegal de armas de fuego, adem\u00e1s de mantener presuntos nexos con alias \u201cLa Llave\u201d, integrante del grupo delictivo \u201cLos Lobos\u201d.<\/p>\n<p>Durante el procedimiento se incautaron dos pistolas, 23 municiones y dos alimentadoras, que fueron ingresadas como evidencias para las investigaciones.<\/p>\n<h2 class=\"wp-block-heading\"><strong>Intervenciones en Guayas<\/strong><\/h2>\n<p>En la provincia de Guayas, la Polic\u00eda ejecut\u00f3 el operativo \u201cApolo 17\u201d, que dej\u00f3 un total de 20 detenidos \u201419 hombres y una mujer\u2014 en distintos puntos de la zona 8, que comprende Guayaquil, Dur\u00e1n y Samborond\u00f3n.<\/p>\n<p>Uno de los hallazgos m\u00e1s relevantes se registr\u00f3 en el sector de Pascuales, donde agentes interceptaron dos veh\u00edculos blindados que transportaban subfusiles.<\/p>\n<p>Las intervenciones incluyeron allanamientos, controles m\u00f3viles y recuperaci\u00f3n de motocicletas y automotores presuntamente vinculados a actividades il\u00edcitas. Adem\u00e1s, se decomisaron armas de fuego, municiones y sustancias sujetas a fiscalizaci\u00f3n que estaban listas para su comercializaci\u00f3n.<\/p>\n<p>El comandante policial del distrito Los Esteros, Walter Villarreal, explic\u00f3 que las acciones se apoyaron en herramientas tecnol\u00f3gicas, como sistemas de identificaci\u00f3n mediante c\u00f3digos QR, que permitieron focalizar zonas de intervenci\u00f3n y recopilar informaci\u00f3n relevante.<\/p>\n<p>Las autoridades indicaron que tanto los detenidos como los indicios incautados fueron puestos a \u00f3rdenes de la justicia, mientras contin\u00faan las investigaciones para establecer posibles conexiones con redes criminales dedicadas al tr\u00e1fico de armas y drogas en el pa\u00eds.<\/p>\n","protected":false},"excerpt":{"rendered":"<p>Un funcionario municipal fue detenido en la provincia de Manab\u00ed durante un operativo policial contra el tr\u00e1fico de armas, mientras que en Guayas otras 20 personas fueron aprehendidas en intervenciones simult\u00e1neas que tambi\u00e9n permitieron el decomiso de armamento, municiones y drogas. Las acciones se ejecutaron este mi\u00e9rcoles, 29 de abril, en el marco del estado [&hellip;]<\/p>\n","protected":false},"author":1,"featured_media":3149,"comment_status":"open","ping_status":"open","sticky":false,"template":"","format":"standard","meta":{"h5ap_radio_sources":[],"tdm_status":"","tdm_grid_status":"","footnotes":""},"categories":[6],"tags":[],"class_list":["post-3148","post","type-post","status-publish","format-standard","has-post-thumbnail","hentry","category-actualidad"],"yoast_head":"<!-- This site is optimized with the Yoast SEO plugin v27.4 - https:\/\/yoast.com\/product\/yoast-seo-wordpress\/ -->\n<title>Funcionario detenido por tr\u00e1fico de armas durante operativos en Guayas y Manab\u00ed - Corporacion 360<\/title>\n<meta name=\"robots\" content=\"index, follow, max-snippet:-1, max-image-preview:large, max-video-preview:-1\" \/>\n<link rel=\"canonical\" href=\"https:\/\/corporaciondigital360.com\/?p=3148\" \/>\n<meta property=\"og:locale\" content=\"es_ES\" \/>\n<meta property=\"og:type\" content=\"article\" \/>\n<meta property=\"og:title\" content=\"Funcionario detenido por tr\u00e1fico de armas durante operativos en Guayas y Manab\u00ed - Corporacion 360\" \/>\n<meta property=\"og:description\" content=\"Un funcionario municipal fue detenido en la provincia de Manab\u00ed durante un operativo policial contra el tr\u00e1fico de armas, mientras que en Guayas otras 20 personas fueron aprehendidas en intervenciones simult\u00e1neas que tambi\u00e9n permitieron el decomiso de armamento, municiones y drogas. Las acciones se ejecutaron este mi\u00e9rcoles, 29 de abril, en el marco del estado [&hellip;]\" \/>\n<meta property=\"og:url\" content=\"https:\/\/corporaciondigital360.com\/?p=3148\" \/>\n<meta property=\"og:site_name\" content=\"Corporacion 360\" \/>\n<meta property=\"article:publisher\" content=\"https:\/\/www.facebook.com\/radiocorporacionloja\" \/>\n<meta property=\"article:published_time\" content=\"2026-04-29T14:25:42+00:00\" \/>\n<meta property=\"og:image\" content=\"https:\/\/corporaciondigital360.com\/wp-content\/uploads\/2026\/04\/TRAFFFF.png\" \/>\n\t<meta property=\"og:image:width\" content=\"744\" \/>\n\t<meta property=\"og:image:height\" content=\"416\" \/>\n\t<meta property=\"og:image:type\" content=\"image\/png\" \/>\n<meta name=\"author\" content=\"admin\" \/>\n<meta name=\"twitter:card\" content=\"summary_large_image\" \/>\n<meta name=\"twitter:creator\" content=\"@RadioCorpLoja\" \/>\n<meta name=\"twitter:site\" content=\"@RadioCorpLoja\" \/>\n<meta name=\"twitter:label1\" content=\"Escrito por\" \/>\n\t<meta name=\"twitter:data1\" content=\"admin\" \/>\n\t<meta name=\"twitter:label2\" content=\"Tiempo de lectura\" \/>\n\t<meta name=\"twitter:data2\" content=\"2 minutos\" \/>\n<script type=\"application\/ld+json\" class=\"yoast-schema-graph\">{\"@context\":\"https:\\\/\\\/schema.org\",\"@graph\":[{\"@type\":\"Article\",\"@id\":\"https:\\\/\\\/corporaciondigital360.com\\\/?p=3148#article\",\"isPartOf\":{\"@id\":\"https:\\\/\\\/corporaciondigital360.com\\\/?p=3148\"},\"author\":{\"name\":\"admin\",\"@id\":\"https:\\\/\\\/corporaciondigital360.com\\\/#\\\/schema\\\/person\\\/fc3a774c6e22cc1539b7381c14725e04\"},\"headline\":\"Funcionario detenido por tr\u00e1fico de armas durante operativos en Guayas y Manab\u00ed\",\"datePublished\":\"2026-04-29T14:25:42+00:00\",\"mainEntityOfPage\":{\"@id\":\"https:\\\/\\\/corporaciondigital360.com\\\/?p=3148\"},\"wordCount\":369,\"commentCount\":0,\"image\":{\"@id\":\"https:\\\/\\\/corporaciondigital360.com\\\/?p=3148#primaryimage\"},\"thumbnailUrl\":\"https:\\\/\\\/corporaciondigital360.com\\\/wp-content\\\/uploads\\\/2026\\\/04\\\/TRAFFFF.png\",\"articleSection\":[\"Actualidad\"],\"inLanguage\":\"es\",\"potentialAction\":[{\"@type\":\"CommentAction\",\"name\":\"Comment\",\"target\":[\"https:\\\/\\\/corporaciondigital360.com\\\/?p=3148#respond\"]}]},{\"@type\":\"WebPage\",\"@id\":\"https:\\\/\\\/corporaciondigital360.com\\\/?p=3148\",\"url\":\"https:\\\/\\\/corporaciondigital360.com\\\/?p=3148\",\"name\":\"Funcionario detenido por tr\u00e1fico de armas durante operativos en Guayas y Manab\u00ed - Corporacion 360\",\"isPartOf\":{\"@id\":\"https:\\\/\\\/corporaciondigital360.com\\\/#website\"},\"primaryImageOfPage\":{\"@id\":\"https:\\\/\\\/corporaciondigital360.com\\\/?p=3148#primaryimage\"},\"image\":{\"@id\":\"https:\\\/\\\/corporaciondigital360.com\\\/?p=3148#primaryimage\"},\"thumbnailUrl\":\"https:\\\/\\\/corporaciondigital360.com\\\/wp-content\\\/uploads\\\/2026\\\/04\\\/TRAFFFF.png\",\"datePublished\":\"2026-04-29T14:25:42+00:00\",\"author\":{\"@id\":\"https:\\\/\\\/corporaciondigital360.com\\\/#\\\/schema\\\/person\\\/fc3a774c6e22cc1539b7381c14725e04\"},\"breadcrumb\":{\"@id\":\"https:\\\/\\\/corporaciondigital360.com\\\/?p=3148#breadcrumb\"},\"inLanguage\":\"es\",\"potentialAction\":[{\"@type\":\"ReadAction\",\"target\":[\"https:\\\/\\\/corporaciondigital360.com\\\/?p=3148\"]}]},{\"@type\":\"ImageObject\",\"inLanguage\":\"es\",\"@id\":\"https:\\\/\\\/corporaciondigital360.com\\\/?p=3148#primaryimage\",\"url\":\"https:\\\/\\\/corporaciondigital360.com\\\/wp-content\\\/uploads\\\/2026\\\/04\\\/TRAFFFF.png\",\"contentUrl\":\"https:\\\/\\\/corporaciondigital360.com\\\/wp-content\\\/uploads\\\/2026\\\/04\\\/TRAFFFF.png\",\"width\":744,\"height\":416},{\"@type\":\"BreadcrumbList\",\"@id\":\"https:\\\/\\\/corporaciondigital360.com\\\/?p=3148#breadcrumb\",\"itemListElement\":[{\"@type\":\"ListItem\",\"position\":1,\"name\":\"Portada\",\"item\":\"https:\\\/\\\/corporaciondigital360.com\\\/\"},{\"@type\":\"ListItem\",\"position\":2,\"name\":\"Funcionario detenido por tr\u00e1fico de armas durante operativos en Guayas y Manab\u00ed\"}]},{\"@type\":\"WebSite\",\"@id\":\"https:\\\/\\\/corporaciondigital360.com\\\/#website\",\"url\":\"https:\\\/\\\/corporaciondigital360.com\\\/\",\"name\":\"Corporacion 360\",\"description\":\"\",\"potentialAction\":[{\"@type\":\"SearchAction\",\"target\":{\"@type\":\"EntryPoint\",\"urlTemplate\":\"https:\\\/\\\/corporaciondigital360.com\\\/?s={search_term_string}\"},\"query-input\":{\"@type\":\"PropertyValueSpecification\",\"valueRequired\":true,\"valueName\":\"search_term_string\"}}],\"inLanguage\":\"es\"},{\"@type\":\"Person\",\"@id\":\"https:\\\/\\\/corporaciondigital360.com\\\/#\\\/schema\\\/person\\\/fc3a774c6e22cc1539b7381c14725e04\",\"name\":\"admin\",\"image\":{\"@type\":\"ImageObject\",\"inLanguage\":\"es\",\"@id\":\"https:\\\/\\\/secure.gravatar.com\\\/avatar\\\/7b210c86be9e9cc333cd5e573ca4d5191145d938ee6eeb89764a327ccd58a4d2?s=96&d=mm&r=g\",\"url\":\"https:\\\/\\\/secure.gravatar.com\\\/avatar\\\/7b210c86be9e9cc333cd5e573ca4d5191145d938ee6eeb89764a327ccd58a4d2?s=96&d=mm&r=g\",\"contentUrl\":\"https:\\\/\\\/secure.gravatar.com\\\/avatar\\\/7b210c86be9e9cc333cd5e573ca4d5191145d938ee6eeb89764a327ccd58a4d2?s=96&d=mm&r=g\",\"caption\":\"admin\"},\"sameAs\":[\"https:\\\/\\\/radiocorporacionloja.com\"],\"url\":\"https:\\\/\\\/corporaciondigital360.com\\\/?author=1\"}]}<\/script>\n<!-- \/ Yoast SEO plugin. -->","yoast_head_json":{"title":"Funcionario detenido por tr\u00e1fico de armas durante operativos en Guayas y Manab\u00ed - Corporacion 360","robots":{"index":"index","follow":"follow","max-snippet":"max-snippet:-1","max-image-preview":"max-image-preview:large","max-video-preview":"max-video-preview:-1"},"canonical":"https:\/\/corporaciondigital360.com\/?p=3148","og_locale":"es_ES","og_type":"article","og_title":"Funcionario detenido por tr\u00e1fico de armas durante operativos en Guayas y Manab\u00ed - Corporacion 360","og_description":"Un funcionario municipal fue detenido en la provincia de Manab\u00ed durante un operativo policial contra el tr\u00e1fico de armas, mientras que en Guayas otras 20 personas fueron aprehendidas en intervenciones simult\u00e1neas que tambi\u00e9n permitieron el decomiso de armamento, municiones y drogas. Las acciones se ejecutaron este mi\u00e9rcoles, 29 de abril, en el marco del estado [&hellip;]","og_url":"https:\/\/corporaciondigital360.com\/?p=3148","og_site_name":"Corporacion 360","article_publisher":"https:\/\/www.facebook.com\/radiocorporacionloja","article_published_time":"2026-04-29T14:25:42+00:00","og_image":[{"width":744,"height":416,"url":"https:\/\/corporaciondigital360.com\/wp-content\/uploads\/2026\/04\/TRAFFFF.png","type":"image\/png"}],"author":"admin","twitter_card":"summary_large_image","twitter_creator":"@RadioCorpLoja","twitter_site":"@RadioCorpLoja","twitter_misc":{"Escrito por":"admin","Tiempo de lectura":"2 minutos"},"schema":{"@context":"https:\/\/schema.org","@graph":[{"@type":"Article","@id":"https:\/\/corporaciondigital360.com\/?p=3148#article","isPartOf":{"@id":"https:\/\/corporaciondigital360.com\/?p=3148"},"author":{"name":"admin","@id":"https:\/\/corporaciondigital360.com\/#\/schema\/person\/fc3a774c6e22cc1539b7381c14725e04"},"headline":"Funcionario detenido por tr\u00e1fico de armas durante operativos en Guayas y Manab\u00ed","datePublished":"2026-04-29T14:25:42+00:00","mainEntityOfPage":{"@id":"https:\/\/corporaciondigital360.com\/?p=3148"},"wordCount":369,"commentCount":0,"image":{"@id":"https:\/\/corporaciondigital360.com\/?p=3148#primaryimage"},"thumbnailUrl":"https:\/\/corporaciondigital360.com\/wp-content\/uploads\/2026\/04\/TRAFFFF.png","articleSection":["Actualidad"],"inLanguage":"es","potentialAction":[{"@type":"CommentAction","name":"Comment","target":["https:\/\/corporaciondigital360.com\/?p=3148#respond"]}]},{"@type":"WebPage","@id":"https:\/\/corporaciondigital360.com\/?p=3148","url":"https:\/\/corporaciondigital360.com\/?p=3148","name":"Funcionario detenido por tr\u00e1fico de armas durante operativos en Guayas y Manab\u00ed - Corporacion 360","isPartOf":{"@id":"https:\/\/corporaciondigital360.com\/#website"},"primaryImageOfPage":{"@id":"https:\/\/corporaciondigital360.com\/?p=3148#primaryimage"},"image":{"@id":"https:\/\/corporaciondigital360.com\/?p=3148#primaryimage"},"thumbnailUrl":"https:\/\/corporaciondigital360.com\/wp-content\/uploads\/2026\/04\/TRAFFFF.png","datePublished":"2026-04-29T14:25:42+00:00","author":{"@id":"https:\/\/corporaciondigital360.com\/#\/schema\/person\/fc3a774c6e22cc1539b7381c14725e04"},"breadcrumb":{"@id":"https:\/\/corporaciondigital360.com\/?p=3148#breadcrumb"},"inLanguage":"es","potentialAction":[{"@type":"ReadAction","target":["https:\/\/corporaciondigital360.com\/?p=3148"]}]},{"@type":"ImageObject","inLanguage":"es","@id":"https:\/\/corporaciondigital360.com\/?p=3148#primaryimage","url":"https:\/\/corporaciondigital360.com\/wp-content\/uploads\/2026\/04\/TRAFFFF.png","contentUrl":"https:\/\/corporaciondigital360.com\/wp-content\/uploads\/2026\/04\/TRAFFFF.png","width":744,"height":416},{"@type":"BreadcrumbList","@id":"https:\/\/corporaciondigital360.com\/?p=3148#breadcrumb","itemListElement":[{"@type":"ListItem","position":1,"name":"Portada","item":"https:\/\/corporaciondigital360.com\/"},{"@type":"ListItem","position":2,"name":"Funcionario detenido por tr\u00e1fico de armas durante operativos en Guayas y Manab\u00ed"}]},{"@type":"WebSite","@id":"https:\/\/corporaciondigital360.com\/#website","url":"https:\/\/corporaciondigital360.com\/","name":"Corporacion 360","description":"","potentialAction":[{"@type":"SearchAction","target":{"@type":"EntryPoint","urlTemplate":"https:\/\/corporaciondigital360.com\/?s={search_term_string}"},"query-input":{"@type":"PropertyValueSpecification","valueRequired":true,"valueName":"search_term_string"}}],"inLanguage":"es"},{"@type":"Person","@id":"https:\/\/corporaciondigital360.com\/#\/schema\/person\/fc3a774c6e22cc1539b7381c14725e04","name":"admin","image":{"@type":"ImageObject","inLanguage":"es","@id":"https:\/\/secure.gravatar.com\/avatar\/7b210c86be9e9cc333cd5e573ca4d5191145d938ee6eeb89764a327ccd58a4d2?s=96&d=mm&r=g","url":"https:\/\/secure.gravatar.com\/avatar\/7b210c86be9e9cc333cd5e573ca4d5191145d938ee6eeb89764a327ccd58a4d2?s=96&d=mm&r=g","contentUrl":"https:\/\/secure.gravatar.com\/avatar\/7b210c86be9e9cc333cd5e573ca4d5191145d938ee6eeb89764a327ccd58a4d2?s=96&d=mm&r=g","caption":"admin"},"sameAs":["https:\/\/radiocorporacionloja.com"],"url":"https:\/\/corporaciondigital360.com\/?author=1"}]}},"amp_enabled":true,"_links":{"self":[{"href":"https:\/\/corporaciondigital360.com\/index.php?rest_route=\/wp\/v2\/posts\/3148","targetHints":{"allow":["GET"]}}],"collection":[{"href":"https:\/\/corporaciondigital360.com\/index.php?rest_route=\/wp\/v2\/posts"}],"about":[{"href":"https:\/\/corporaciondigital360.com\/index.php?rest_route=\/wp\/v2\/types\/post"}],"author":[{"embeddable":true,"href":"https:\/\/corporaciondigital360.com\/index.php?rest_route=\/wp\/v2\/users\/1"}],"replies":[{"embeddable":true,"href":"https:\/\/corporaciondigital360.com\/index.php?rest_route=%2Fwp%2Fv2%2Fcomments&post=3148"}],"version-history":[{"count":1,"href":"https:\/\/corporaciondigital360.com\/index.php?rest_route=\/wp\/v2\/posts\/3148\/revisions"}],"predecessor-version":[{"id":3150,"href":"https:\/\/corporaciondigital360.com\/index.php?rest_route=\/wp\/v2\/posts\/3148\/revisions\/3150"}],"wp:featuredmedia":[{"embeddable":true,"href":"https:\/\/corporaciondigital360.com\/index.php?rest_route=\/wp\/v2\/media\/3149"}],"wp:attachment":[{"href":"https:\/\/corporaciondigital360.com\/index.php?rest_route=%2Fwp%2Fv2%2Fmedia&parent=3148"}],"wp:term":[{"taxonomy":"category","embeddable":true,"href":"https:\/\/corporaciondigital360.com\/index.php?rest_route=%2Fwp%2Fv2%2Fcategories&post=3148"},{"taxonomy":"post_tag","embeddable":true,"href":"https:\/\/corporaciondigital360.com\/index.php?rest_route=%2Fwp%2Fv2%2Ftags&post=3148"}],"curies":[{"name":"wp","href":"https:\/\/api.w.org\/{rel}","templated":true}]}}