{"id":3151,"date":"2026-04-29T09:30:04","date_gmt":"2026-04-29T14:30:04","guid":{"rendered":"https:\/\/corporaciondigital360.com\/?p=3151"},"modified":"2026-04-29T09:30:04","modified_gmt":"2026-04-29T14:30:04","slug":"noboa-firma-decreto-del-toque-de-queda-nocturno-para-nueve-provincias","status":"publish","type":"post","link":"https:\/\/corporaciondigital360.com\/?p=3151","title":{"rendered":"Noboa firma decreto del toque de queda nocturno para nueve provincias"},"content":{"rendered":"<p><strong><em>El Gobierno Nacional oficializ\u00f3 una nueva restricci\u00f3n de movilidad que afectar\u00e1 a Quito y Guayaquil. La medida busca frenar el avance del narcotr\u00e1fico en zonas cr\u00edticas.<\/em><\/strong><\/p>\n<p>A trav\u00e9s del Decreto Ejecutivo 370, el presidente Daniel Noboa impuso un toque de queda nocturno en gran parte del pa\u00eds. La restricci\u00f3n durar\u00e1 seis horas diarias, desde las 23:00 hasta las 05:00.<\/p>\n<p>La suspensi\u00f3n de la libertad de tr\u00e1nsito iniciar\u00e1 el 3 de mayo y finalizar\u00e1 el 18 de mayo de 2026. Esta ofensiva estatal prioriza los territorios con mayores \u00edndices de violencia e inseguridad.<\/p>\n<p><strong>Provincias y cantones bajo restricci\u00f3n<\/strong><\/p>\n<p>La medida rige en nueve de las 24 provincias ecuatorianas, incluyendo a Pichincha y Guayas. Tambi\u00e9n se suman a la lista El Oro, Los R\u00edos y Santo Domingo de los Ts\u00e1chilas.<\/p>\n<p>Debido al incremento de muertes violentas, el Gobierno incluy\u00f3 a Sucumb\u00edos, Esmeraldas, Santa Elena y Manab\u00ed. Cuatro cantones adicionales de otras regiones tambi\u00e9n deber\u00e1n cumplir con la inmovilizaci\u00f3n obligatoria.<\/p>\n<p>Las \u00fanicas excepciones permitidas corresponden a los servicios de salud y los miembros de la fuerza p\u00fablica. El sector productivo espera definiciones adicionales para evitar mayores p\u00e9rdidas econ\u00f3micas en estas zonas.<\/p>\n<p><strong>Contexto del conflicto armado interno<\/strong><\/p>\n<p>Esta decisi\u00f3n se ampara en el estado de excepci\u00f3n renovado el pasado 2 de abril por \u201cgrave conmoci\u00f3n interna\u201d. El decreto permite la suspensi\u00f3n de derechos como la inviolabilidad de domicilio y correspondencia.<\/p>\n<p>El Ejecutivo justifica la medida como una herramienta para reforzar la presencia del Estado en territorios priorizados. No obstante, organismos de derechos humanos mantienen la vigilancia ante posibles excesos de la fuerza p\u00fablica.<\/p>\n<p>Durante el toque de queda de marzo, la mayor\u00eda de detenciones ocurrieron por irrespetar el horario de circulaci\u00f3n. Las autoridades intensificar\u00e1n los controles militares y policiales durante esta nueva quincena de restricciones.<\/p>\n<p>Fuente: Primera Plana<\/p>\n","protected":false},"excerpt":{"rendered":"<p>El Gobierno Nacional oficializ\u00f3 una nueva restricci\u00f3n de movilidad que afectar\u00e1 a Quito y Guayaquil. La medida busca frenar el avance del narcotr\u00e1fico en zonas cr\u00edticas. A trav\u00e9s del Decreto Ejecutivo 370, el presidente Daniel Noboa impuso un toque de queda nocturno en gran parte del pa\u00eds. La restricci\u00f3n durar\u00e1 seis horas diarias, desde las [&hellip;]<\/p>\n","protected":false},"author":1,"featured_media":3152,"comment_status":"open","ping_status":"open","sticky":false,"template":"","format":"standard","meta":{"h5ap_radio_sources":[],"tdm_status":"","tdm_grid_status":"","footnotes":""},"categories":[6],"tags":[],"class_list":["post-3151","post","type-post","status-publish","format-standard","has-post-thumbnail","hentry","category-actualidad"],"yoast_head":"<!-- This site is optimized with the Yoast SEO plugin v27.4 - https:\/\/yoast.com\/product\/yoast-seo-wordpress\/ -->\n<title>Noboa firma decreto del toque de queda nocturno para nueve provincias - Corporacion 360<\/title>\n<meta name=\"robots\" content=\"index, follow, max-snippet:-1, max-image-preview:large, max-video-preview:-1\" \/>\n<link rel=\"canonical\" href=\"https:\/\/corporaciondigital360.com\/?p=3151\" \/>\n<meta property=\"og:locale\" content=\"es_ES\" \/>\n<meta property=\"og:type\" content=\"article\" \/>\n<meta property=\"og:title\" content=\"Noboa firma decreto del toque de queda nocturno para nueve provincias - Corporacion 360\" \/>\n<meta property=\"og:description\" content=\"El Gobierno Nacional oficializ\u00f3 una nueva restricci\u00f3n de movilidad que afectar\u00e1 a Quito y Guayaquil. La medida busca frenar el avance del narcotr\u00e1fico en zonas cr\u00edticas. A trav\u00e9s del Decreto Ejecutivo 370, el presidente Daniel Noboa impuso un toque de queda nocturno en gran parte del pa\u00eds. La restricci\u00f3n durar\u00e1 seis horas diarias, desde las [&hellip;]\" \/>\n<meta property=\"og:url\" content=\"https:\/\/corporaciondigital360.com\/?p=3151\" \/>\n<meta property=\"og:site_name\" content=\"Corporacion 360\" \/>\n<meta property=\"article:publisher\" content=\"https:\/\/www.facebook.com\/radiocorporacionloja\" \/>\n<meta property=\"article:published_time\" content=\"2026-04-29T14:30:04+00:00\" \/>\n<meta property=\"og:image\" content=\"https:\/\/corporaciondigital360.com\/wp-content\/uploads\/2026\/04\/queddddd.png\" \/>\n\t<meta property=\"og:image:width\" content=\"804\" \/>\n\t<meta property=\"og:image:height\" content=\"454\" \/>\n\t<meta property=\"og:image:type\" content=\"image\/png\" \/>\n<meta name=\"author\" content=\"admin\" \/>\n<meta name=\"twitter:card\" content=\"summary_large_image\" \/>\n<meta name=\"twitter:creator\" content=\"@RadioCorpLoja\" \/>\n<meta name=\"twitter:site\" content=\"@RadioCorpLoja\" \/>\n<meta name=\"twitter:label1\" content=\"Escrito por\" \/>\n\t<meta name=\"twitter:data1\" content=\"admin\" \/>\n\t<meta name=\"twitter:label2\" content=\"Tiempo de lectura\" \/>\n\t<meta name=\"twitter:data2\" content=\"2 minutos\" \/>\n<script type=\"application\/ld+json\" class=\"yoast-schema-graph\">{\"@context\":\"https:\\\/\\\/schema.org\",\"@graph\":[{\"@type\":\"Article\",\"@id\":\"https:\\\/\\\/corporaciondigital360.com\\\/?p=3151#article\",\"isPartOf\":{\"@id\":\"https:\\\/\\\/corporaciondigital360.com\\\/?p=3151\"},\"author\":{\"name\":\"admin\",\"@id\":\"https:\\\/\\\/corporaciondigital360.com\\\/#\\\/schema\\\/person\\\/fc3a774c6e22cc1539b7381c14725e04\"},\"headline\":\"Noboa firma decreto del toque de queda nocturno para nueve provincias\",\"datePublished\":\"2026-04-29T14:30:04+00:00\",\"mainEntityOfPage\":{\"@id\":\"https:\\\/\\\/corporaciondigital360.com\\\/?p=3151\"},\"wordCount\":324,\"commentCount\":0,\"image\":{\"@id\":\"https:\\\/\\\/corporaciondigital360.com\\\/?p=3151#primaryimage\"},\"thumbnailUrl\":\"https:\\\/\\\/corporaciondigital360.com\\\/wp-content\\\/uploads\\\/2026\\\/04\\\/queddddd.png\",\"articleSection\":[\"Actualidad\"],\"inLanguage\":\"es\",\"potentialAction\":[{\"@type\":\"CommentAction\",\"name\":\"Comment\",\"target\":[\"https:\\\/\\\/corporaciondigital360.com\\\/?p=3151#respond\"]}]},{\"@type\":\"WebPage\",\"@id\":\"https:\\\/\\\/corporaciondigital360.com\\\/?p=3151\",\"url\":\"https:\\\/\\\/corporaciondigital360.com\\\/?p=3151\",\"name\":\"Noboa firma decreto del toque de queda nocturno para nueve provincias - Corporacion 360\",\"isPartOf\":{\"@id\":\"https:\\\/\\\/corporaciondigital360.com\\\/#website\"},\"primaryImageOfPage\":{\"@id\":\"https:\\\/\\\/corporaciondigital360.com\\\/?p=3151#primaryimage\"},\"image\":{\"@id\":\"https:\\\/\\\/corporaciondigital360.com\\\/?p=3151#primaryimage\"},\"thumbnailUrl\":\"https:\\\/\\\/corporaciondigital360.com\\\/wp-content\\\/uploads\\\/2026\\\/04\\\/queddddd.png\",\"datePublished\":\"2026-04-29T14:30:04+00:00\",\"author\":{\"@id\":\"https:\\\/\\\/corporaciondigital360.com\\\/#\\\/schema\\\/person\\\/fc3a774c6e22cc1539b7381c14725e04\"},\"breadcrumb\":{\"@id\":\"https:\\\/\\\/corporaciondigital360.com\\\/?p=3151#breadcrumb\"},\"inLanguage\":\"es\",\"potentialAction\":[{\"@type\":\"ReadAction\",\"target\":[\"https:\\\/\\\/corporaciondigital360.com\\\/?p=3151\"]}]},{\"@type\":\"ImageObject\",\"inLanguage\":\"es\",\"@id\":\"https:\\\/\\\/corporaciondigital360.com\\\/?p=3151#primaryimage\",\"url\":\"https:\\\/\\\/corporaciondigital360.com\\\/wp-content\\\/uploads\\\/2026\\\/04\\\/queddddd.png\",\"contentUrl\":\"https:\\\/\\\/corporaciondigital360.com\\\/wp-content\\\/uploads\\\/2026\\\/04\\\/queddddd.png\",\"width\":804,\"height\":454},{\"@type\":\"BreadcrumbList\",\"@id\":\"https:\\\/\\\/corporaciondigital360.com\\\/?p=3151#breadcrumb\",\"itemListElement\":[{\"@type\":\"ListItem\",\"position\":1,\"name\":\"Portada\",\"item\":\"https:\\\/\\\/corporaciondigital360.com\\\/\"},{\"@type\":\"ListItem\",\"position\":2,\"name\":\"Noboa firma decreto del toque de queda nocturno para nueve provincias\"}]},{\"@type\":\"WebSite\",\"@id\":\"https:\\\/\\\/corporaciondigital360.com\\\/#website\",\"url\":\"https:\\\/\\\/corporaciondigital360.com\\\/\",\"name\":\"Corporacion 360\",\"description\":\"\",\"potentialAction\":[{\"@type\":\"SearchAction\",\"target\":{\"@type\":\"EntryPoint\",\"urlTemplate\":\"https:\\\/\\\/corporaciondigital360.com\\\/?s={search_term_string}\"},\"query-input\":{\"@type\":\"PropertyValueSpecification\",\"valueRequired\":true,\"valueName\":\"search_term_string\"}}],\"inLanguage\":\"es\"},{\"@type\":\"Person\",\"@id\":\"https:\\\/\\\/corporaciondigital360.com\\\/#\\\/schema\\\/person\\\/fc3a774c6e22cc1539b7381c14725e04\",\"name\":\"admin\",\"image\":{\"@type\":\"ImageObject\",\"inLanguage\":\"es\",\"@id\":\"https:\\\/\\\/secure.gravatar.com\\\/avatar\\\/7b210c86be9e9cc333cd5e573ca4d5191145d938ee6eeb89764a327ccd58a4d2?s=96&d=mm&r=g\",\"url\":\"https:\\\/\\\/secure.gravatar.com\\\/avatar\\\/7b210c86be9e9cc333cd5e573ca4d5191145d938ee6eeb89764a327ccd58a4d2?s=96&d=mm&r=g\",\"contentUrl\":\"https:\\\/\\\/secure.gravatar.com\\\/avatar\\\/7b210c86be9e9cc333cd5e573ca4d5191145d938ee6eeb89764a327ccd58a4d2?s=96&d=mm&r=g\",\"caption\":\"admin\"},\"sameAs\":[\"https:\\\/\\\/radiocorporacionloja.com\"],\"url\":\"https:\\\/\\\/corporaciondigital360.com\\\/?author=1\"}]}<\/script>\n<!-- \/ Yoast SEO plugin. -->","yoast_head_json":{"title":"Noboa firma decreto del toque de queda nocturno para nueve provincias - Corporacion 360","robots":{"index":"index","follow":"follow","max-snippet":"max-snippet:-1","max-image-preview":"max-image-preview:large","max-video-preview":"max-video-preview:-1"},"canonical":"https:\/\/corporaciondigital360.com\/?p=3151","og_locale":"es_ES","og_type":"article","og_title":"Noboa firma decreto del toque de queda nocturno para nueve provincias - Corporacion 360","og_description":"El Gobierno Nacional oficializ\u00f3 una nueva restricci\u00f3n de movilidad que afectar\u00e1 a Quito y Guayaquil. La medida busca frenar el avance del narcotr\u00e1fico en zonas cr\u00edticas. A trav\u00e9s del Decreto Ejecutivo 370, el presidente Daniel Noboa impuso un toque de queda nocturno en gran parte del pa\u00eds. La restricci\u00f3n durar\u00e1 seis horas diarias, desde las [&hellip;]","og_url":"https:\/\/corporaciondigital360.com\/?p=3151","og_site_name":"Corporacion 360","article_publisher":"https:\/\/www.facebook.com\/radiocorporacionloja","article_published_time":"2026-04-29T14:30:04+00:00","og_image":[{"width":804,"height":454,"url":"https:\/\/corporaciondigital360.com\/wp-content\/uploads\/2026\/04\/queddddd.png","type":"image\/png"}],"author":"admin","twitter_card":"summary_large_image","twitter_creator":"@RadioCorpLoja","twitter_site":"@RadioCorpLoja","twitter_misc":{"Escrito por":"admin","Tiempo de lectura":"2 minutos"},"schema":{"@context":"https:\/\/schema.org","@graph":[{"@type":"Article","@id":"https:\/\/corporaciondigital360.com\/?p=3151#article","isPartOf":{"@id":"https:\/\/corporaciondigital360.com\/?p=3151"},"author":{"name":"admin","@id":"https:\/\/corporaciondigital360.com\/#\/schema\/person\/fc3a774c6e22cc1539b7381c14725e04"},"headline":"Noboa firma decreto del toque de queda nocturno para nueve provincias","datePublished":"2026-04-29T14:30:04+00:00","mainEntityOfPage":{"@id":"https:\/\/corporaciondigital360.com\/?p=3151"},"wordCount":324,"commentCount":0,"image":{"@id":"https:\/\/corporaciondigital360.com\/?p=3151#primaryimage"},"thumbnailUrl":"https:\/\/corporaciondigital360.com\/wp-content\/uploads\/2026\/04\/queddddd.png","articleSection":["Actualidad"],"inLanguage":"es","potentialAction":[{"@type":"CommentAction","name":"Comment","target":["https:\/\/corporaciondigital360.com\/?p=3151#respond"]}]},{"@type":"WebPage","@id":"https:\/\/corporaciondigital360.com\/?p=3151","url":"https:\/\/corporaciondigital360.com\/?p=3151","name":"Noboa firma decreto del toque de queda nocturno para nueve provincias - Corporacion 360","isPartOf":{"@id":"https:\/\/corporaciondigital360.com\/#website"},"primaryImageOfPage":{"@id":"https:\/\/corporaciondigital360.com\/?p=3151#primaryimage"},"image":{"@id":"https:\/\/corporaciondigital360.com\/?p=3151#primaryimage"},"thumbnailUrl":"https:\/\/corporaciondigital360.com\/wp-content\/uploads\/2026\/04\/queddddd.png","datePublished":"2026-04-29T14:30:04+00:00","author":{"@id":"https:\/\/corporaciondigital360.com\/#\/schema\/person\/fc3a774c6e22cc1539b7381c14725e04"},"breadcrumb":{"@id":"https:\/\/corporaciondigital360.com\/?p=3151#breadcrumb"},"inLanguage":"es","potentialAction":[{"@type":"ReadAction","target":["https:\/\/corporaciondigital360.com\/?p=3151"]}]},{"@type":"ImageObject","inLanguage":"es","@id":"https:\/\/corporaciondigital360.com\/?p=3151#primaryimage","url":"https:\/\/corporaciondigital360.com\/wp-content\/uploads\/2026\/04\/queddddd.png","contentUrl":"https:\/\/corporaciondigital360.com\/wp-content\/uploads\/2026\/04\/queddddd.png","width":804,"height":454},{"@type":"BreadcrumbList","@id":"https:\/\/corporaciondigital360.com\/?p=3151#breadcrumb","itemListElement":[{"@type":"ListItem","position":1,"name":"Portada","item":"https:\/\/corporaciondigital360.com\/"},{"@type":"ListItem","position":2,"name":"Noboa firma decreto del toque de queda nocturno para nueve provincias"}]},{"@type":"WebSite","@id":"https:\/\/corporaciondigital360.com\/#website","url":"https:\/\/corporaciondigital360.com\/","name":"Corporacion 360","description":"","potentialAction":[{"@type":"SearchAction","target":{"@type":"EntryPoint","urlTemplate":"https:\/\/corporaciondigital360.com\/?s={search_term_string}"},"query-input":{"@type":"PropertyValueSpecification","valueRequired":true,"valueName":"search_term_string"}}],"inLanguage":"es"},{"@type":"Person","@id":"https:\/\/corporaciondigital360.com\/#\/schema\/person\/fc3a774c6e22cc1539b7381c14725e04","name":"admin","image":{"@type":"ImageObject","inLanguage":"es","@id":"https:\/\/secure.gravatar.com\/avatar\/7b210c86be9e9cc333cd5e573ca4d5191145d938ee6eeb89764a327ccd58a4d2?s=96&d=mm&r=g","url":"https:\/\/secure.gravatar.com\/avatar\/7b210c86be9e9cc333cd5e573ca4d5191145d938ee6eeb89764a327ccd58a4d2?s=96&d=mm&r=g","contentUrl":"https:\/\/secure.gravatar.com\/avatar\/7b210c86be9e9cc333cd5e573ca4d5191145d938ee6eeb89764a327ccd58a4d2?s=96&d=mm&r=g","caption":"admin"},"sameAs":["https:\/\/radiocorporacionloja.com"],"url":"https:\/\/corporaciondigital360.com\/?author=1"}]}},"amp_enabled":true,"_links":{"self":[{"href":"https:\/\/corporaciondigital360.com\/index.php?rest_route=\/wp\/v2\/posts\/3151","targetHints":{"allow":["GET"]}}],"collection":[{"href":"https:\/\/corporaciondigital360.com\/index.php?rest_route=\/wp\/v2\/posts"}],"about":[{"href":"https:\/\/corporaciondigital360.com\/index.php?rest_route=\/wp\/v2\/types\/post"}],"author":[{"embeddable":true,"href":"https:\/\/corporaciondigital360.com\/index.php?rest_route=\/wp\/v2\/users\/1"}],"replies":[{"embeddable":true,"href":"https:\/\/corporaciondigital360.com\/index.php?rest_route=%2Fwp%2Fv2%2Fcomments&post=3151"}],"version-history":[{"count":1,"href":"https:\/\/corporaciondigital360.com\/index.php?rest_route=\/wp\/v2\/posts\/3151\/revisions"}],"predecessor-version":[{"id":3153,"href":"https:\/\/corporaciondigital360.com\/index.php?rest_route=\/wp\/v2\/posts\/3151\/revisions\/3153"}],"wp:featuredmedia":[{"embeddable":true,"href":"https:\/\/corporaciondigital360.com\/index.php?rest_route=\/wp\/v2\/media\/3152"}],"wp:attachment":[{"href":"https:\/\/corporaciondigital360.com\/index.php?rest_route=%2Fwp%2Fv2%2Fmedia&parent=3151"}],"wp:term":[{"taxonomy":"category","embeddable":true,"href":"https:\/\/corporaciondigital360.com\/index.php?rest_route=%2Fwp%2Fv2%2Fcategories&post=3151"},{"taxonomy":"post_tag","embeddable":true,"href":"https:\/\/corporaciondigital360.com\/index.php?rest_route=%2Fwp%2Fv2%2Ftags&post=3151"}],"curies":[{"name":"wp","href":"https:\/\/api.w.org\/{rel}","templated":true}]}}